{"id":1835,"date":"2025-01-30T15:48:49","date_gmt":"2025-01-30T18:48:49","guid":{"rendered":"http:\/\/www.cerealistamoldes.com.ar\/Institucional\/?p=1835"},"modified":"2025-01-30T15:48:51","modified_gmt":"2025-01-30T18:48:51","slug":"mercados-en-alza-granos-con-impulso-positivo","status":"publish","type":"post","link":"http:\/\/176.52.130.206\/Institucional\/2025\/01\/30\/mercados-en-alza-granos-con-impulso-positivo\/","title":{"rendered":"Mercados en alza: granos con impulso positivo"},"content":{"rendered":"\n<p>Los precios de los granos registran una jornada alcista, con el ma\u00edz alcanzando su m\u00e1ximo desde octubre de 2023 en Chicago. En el mercado local, el ma\u00edz disponible lider\u00f3 las subas con mayor dinamismo en los negocios.<\/p>\n\n\n\n<p>La soja tambi\u00e9n muestra incrementos del 1,5% debido a preocupaciones clim\u00e1ticas en Argentina y retrasos en la cosecha de Brasil. Mientras tanto, la harina subi\u00f3 un 2,6% y el aceite se mantuvo estable.<\/p>\n\n\n\n<p>El trigo fue el gran protagonista del d\u00eda con aumentos superiores al 3%, alcanzando m\u00e1ximos de seis semanas. La reducci\u00f3n de exportaciones rusas y la demanda internacional impulsaron el repunte.<\/p>\n","protected":false},"excerpt":{"rendered":"<p>Los precios de los granos registran una jornada alcista, con el ma\u00edz alcanzando su m\u00e1ximo desde octubre de 2023 en Chicago. En el mercado local, el ma\u00edz disponible lider\u00f3 las subas con mayor dinamismo en los negocios. La soja tambi\u00e9n muestra incrementos del 1,5% debido a preocupaciones clim\u00e1ticas en Argentina y retrasos en la cosecha&#8230;<\/p>\n","protected":false},"author":3,"featured_media":1836,"comment_status":"closed","ping_status":"closed","sticky":false,"template":"","format":"standard","meta":[],"categories":[1],"tags":[],"_links":{"self":[{"href":"http:\/\/176.52.130.206\/Institucional\/wp-json\/wp\/v2\/posts\/1835"}],"collection":[{"href":"http:\/\/176.52.130.206\/Institucional\/wp-json\/wp\/v2\/posts"}],"about":[{"href":"http:\/\/176.52.130.206\/Institucional\/wp-json\/wp\/v2\/types\/post"}],"author":[{"embeddable":true,"href":"http:\/\/176.52.130.206\/Institucional\/wp-json\/wp\/v2\/users\/3"}],"replies":[{"embeddable":true,"href":"http:\/\/176.52.130.206\/Institucional\/wp-json\/wp\/v2\/comments?post=1835"}],"version-history":[{"count":1,"href":"http:\/\/176.52.130.206\/Institucional\/wp-json\/wp\/v2\/posts\/1835\/revisions"}],"predecessor-version":[{"id":1837,"href":"http:\/\/176.52.130.206\/Institucional\/wp-json\/wp\/v2\/posts\/1835\/revisions\/1837"}],"wp:featuredmedia":[{"embeddable":true,"href":"http:\/\/176.52.130.206\/Institucional\/wp-json\/wp\/v2\/media\/1836"}],"wp:attachment":[{"href":"http:\/\/176.52.130.206\/Institucional\/wp-json\/wp\/v2\/media?parent=1835"}],"wp:term":[{"taxonomy":"category","embeddable":true,"href":"http:\/\/176.52.130.206\/Institucional\/wp-json\/wp\/v2\/categories?post=1835"},{"taxonomy":"post_tag","embeddable":true,"href":"http:\/\/176.52.130.206\/Institucional\/wp-json\/wp\/v2\/tags?post=1835"}],"curies":[{"name":"wp","href":"https:\/\/api.w.org\/{rel}","templated":true}]}}