{"id":1803,"date":"2024-10-09T18:07:04","date_gmt":"2024-10-09T21:07:04","guid":{"rendered":"http:\/\/www.cerealistamoldes.com.ar\/Institucional\/?p=1803"},"modified":"2024-10-09T18:07:05","modified_gmt":"2024-10-09T21:07:05","slug":"la-historia-viral-detras-del-carro-para-fardos","status":"publish","type":"post","link":"http:\/\/176.52.130.206\/Institucional\/2024\/10\/09\/la-historia-viral-detras-del-carro-para-fardos\/","title":{"rendered":"La historia viral detr\u00e1s del carro para fardos"},"content":{"rendered":"\n<p>Gina Bentivoglio, conocida como \u201cLa Piculina\u201d en redes sociales, es una joven de 21 a\u00f1os de Alcorta con un profundo amor por el campo, una pasi\u00f3n que hered\u00f3 de su abuelo. Para ella, el campo no solo representa un lugar de trabajo, sino un legado que su abuelo dej\u00f3. Un s\u00edmbolo especial de ese v\u00ednculo es un invento que su &#8220;nono&#8221; cre\u00f3: un carro para fardos, fabricado a partir del tr\u00e1iler de una cosechadora Daniele D66 que ya no pod\u00eda usar.<\/p>\n\n\n\n<p>Este sencillo carro se volvi\u00f3 viral en redes, superando las 900.000 visitas. Gina comparti\u00f3 su historia con orgullo, explicando c\u00f3mo su abuelo recicl\u00f3 la trilladora para adaptarla a las tareas de ganader\u00eda, sum\u00e1ndole un malacate y un gancho para subir los rollos de pasto. A pesar de que muchos lo consideran ineficiente y anticuado, para Gina es mucho m\u00e1s que una herramienta: es el reflejo del ingenio, la dedicaci\u00f3n y el amor por la vida rural que le inculc\u00f3 su abuelo.<\/p>\n\n\n\n<p>Aunque en su adolescencia opt\u00f3 por estudiar medicina, pronto se dio cuenta de que su pasi\u00f3n verdadera estaba en el campo, decidiendo entonces cambiarse a agronom\u00eda. Hoy, adem\u00e1s de estudiante, busca a trav\u00e9s de sus videos achicar la brecha entre el campo y la ciudad, mostrando su proceso de aprendizaje y compartiendo su amor por la agricultura. Gina no se considera influencer, pero s\u00ed una comunicadora que quiere contagiar su pasi\u00f3n y el legado de su abuelo: una mezcla de trabajo duro, creatividad y amor por la tierra.<\/p>\n\n\n\n<p>\u201cLo hacemos por amor a \u00e9l, por su creaci\u00f3n y por la cultura que nos dej\u00f3\u201d, asegura. Con cada video, la joven santafesina no solo muestra un carro casero, sino una historia de familia, de esfuerzo y de c\u00f3mo el legado del campo se mantiene vivo.<\/p>\n","protected":false},"excerpt":{"rendered":"<p>Gina Bentivoglio, conocida como \u201cLa Piculina\u201d en redes sociales, es una joven de 21 a\u00f1os de Alcorta con un profundo amor por el campo, una pasi\u00f3n que hered\u00f3 de su abuelo. Para ella, el campo no solo representa un lugar de trabajo, sino un legado que su abuelo dej\u00f3. Un s\u00edmbolo especial de ese v\u00ednculo&#8230;<\/p>\n","protected":false},"author":3,"featured_media":1804,"comment_status":"closed","ping_status":"closed","sticky":false,"template":"","format":"standard","meta":[],"categories":[1],"tags":[],"_links":{"self":[{"href":"http:\/\/176.52.130.206\/Institucional\/wp-json\/wp\/v2\/posts\/1803"}],"collection":[{"href":"http:\/\/176.52.130.206\/Institucional\/wp-json\/wp\/v2\/posts"}],"about":[{"href":"http:\/\/176.52.130.206\/Institucional\/wp-json\/wp\/v2\/types\/post"}],"author":[{"embeddable":true,"href":"http:\/\/176.52.130.206\/Institucional\/wp-json\/wp\/v2\/users\/3"}],"replies":[{"embeddable":true,"href":"http:\/\/176.52.130.206\/Institucional\/wp-json\/wp\/v2\/comments?post=1803"}],"version-history":[{"count":1,"href":"http:\/\/176.52.130.206\/Institucional\/wp-json\/wp\/v2\/posts\/1803\/revisions"}],"predecessor-version":[{"id":1805,"href":"http:\/\/176.52.130.206\/Institucional\/wp-json\/wp\/v2\/posts\/1803\/revisions\/1805"}],"wp:featuredmedia":[{"embeddable":true,"href":"http:\/\/176.52.130.206\/Institucional\/wp-json\/wp\/v2\/media\/1804"}],"wp:attachment":[{"href":"http:\/\/176.52.130.206\/Institucional\/wp-json\/wp\/v2\/media?parent=1803"}],"wp:term":[{"taxonomy":"category","embeddable":true,"href":"http:\/\/176.52.130.206\/Institucional\/wp-json\/wp\/v2\/categories?post=1803"},{"taxonomy":"post_tag","embeddable":true,"href":"http:\/\/176.52.130.206\/Institucional\/wp-json\/wp\/v2\/tags?post=1803"}],"curies":[{"name":"wp","href":"https:\/\/api.w.org\/{rel}","templated":true}]}}