{"id":1800,"date":"2024-09-05T14:50:34","date_gmt":"2024-09-05T17:50:34","guid":{"rendered":"http:\/\/www.cerealistamoldes.com.ar\/Institucional\/?p=1800"},"modified":"2024-09-05T14:52:29","modified_gmt":"2024-09-05T17:52:29","slug":"la-nina-2024-2025-cambios-en-el-pronostico-y-su-impacto-en-la-agricultura","status":"publish","type":"post","link":"http:\/\/176.52.130.206\/Institucional\/2024\/09\/05\/la-nina-2024-2025-cambios-en-el-pronostico-y-su-impacto-en-la-agricultura\/","title":{"rendered":"La Ni\u00f1a 2024\/2025: Cambios en el Pron\u00f3stico y su Impacto en la Agricultura"},"content":{"rendered":"\n<p>El fen\u00f3meno de La Ni\u00f1a para 2024 y 2025 ha sido confirmado, pero su inicio se ha pospuesto. Seg\u00fan un informe de la Bolsa de Comercio de Rosario (BCR), las condiciones se mantendr\u00e1n neutrales hasta agosto\/octubre de 2024. La Ni\u00f1a es ahora esperada para comenzar a impactar entre octubre y diciembre de 2024, y no antes, como se pensaba anteriormente.<\/p>\n\n\n\n<p>Este cambio en el pron\u00f3stico indica que las lluvias de septiembre tendr\u00e1n alta probabilidad de ser normales, lo que es positivo para las siembras tempranas de ma\u00edz. Sin embargo, el informe tambi\u00e9n advierte que las condiciones de La Ni\u00f1a se intensificar\u00e1n en enero y febrero de 2025, lo que podr\u00eda afectar negativamente a la soja de primera durante su per\u00edodo cr\u00edtico. En resumen, mientras que La Ni\u00f1a puede traer condiciones favorables para la primavera de 2024, se espera que tenga un impacto m\u00e1s severo en el verano de 2025.<\/p>\n\n\n\n<p>El consultor Alfredo Elorriaga de la BCR explica que los modelos predictivos indican condiciones neutrales hasta el trimestre agosto\/octubre de 2024, con La Ni\u00f1a ganando fuerza en los trimestres octubre\/diciembre y noviembre\/enero. Esta actualizaci\u00f3n muestra un corrimiento de dos meses en comparaci\u00f3n con el pron\u00f3stico anterior, lo que sugiere una menor severidad de La Ni\u00f1a en los primeros meses y un aumento en su intensidad a partir de enero de 2025.<\/p>\n","protected":false},"excerpt":{"rendered":"<p>El fen\u00f3meno de La Ni\u00f1a para 2024 y 2025 ha sido confirmado, pero su inicio se ha pospuesto. Seg\u00fan un informe de la Bolsa de Comercio de Rosario (BCR), las condiciones se mantendr\u00e1n neutrales hasta agosto\/octubre de 2024. La Ni\u00f1a es ahora esperada para comenzar a impactar entre octubre y diciembre de 2024, y no&#8230;<\/p>\n","protected":false},"author":3,"featured_media":1801,"comment_status":"closed","ping_status":"closed","sticky":false,"template":"","format":"standard","meta":[],"categories":[1],"tags":[],"_links":{"self":[{"href":"http:\/\/176.52.130.206\/Institucional\/wp-json\/wp\/v2\/posts\/1800"}],"collection":[{"href":"http:\/\/176.52.130.206\/Institucional\/wp-json\/wp\/v2\/posts"}],"about":[{"href":"http:\/\/176.52.130.206\/Institucional\/wp-json\/wp\/v2\/types\/post"}],"author":[{"embeddable":true,"href":"http:\/\/176.52.130.206\/Institucional\/wp-json\/wp\/v2\/users\/3"}],"replies":[{"embeddable":true,"href":"http:\/\/176.52.130.206\/Institucional\/wp-json\/wp\/v2\/comments?post=1800"}],"version-history":[{"count":1,"href":"http:\/\/176.52.130.206\/Institucional\/wp-json\/wp\/v2\/posts\/1800\/revisions"}],"predecessor-version":[{"id":1802,"href":"http:\/\/176.52.130.206\/Institucional\/wp-json\/wp\/v2\/posts\/1800\/revisions\/1802"}],"wp:featuredmedia":[{"embeddable":true,"href":"http:\/\/176.52.130.206\/Institucional\/wp-json\/wp\/v2\/media\/1801"}],"wp:attachment":[{"href":"http:\/\/176.52.130.206\/Institucional\/wp-json\/wp\/v2\/media?parent=1800"}],"wp:term":[{"taxonomy":"category","embeddable":true,"href":"http:\/\/176.52.130.206\/Institucional\/wp-json\/wp\/v2\/categories?post=1800"},{"taxonomy":"post_tag","embeddable":true,"href":"http:\/\/176.52.130.206\/Institucional\/wp-json\/wp\/v2\/tags?post=1800"}],"curies":[{"name":"wp","href":"https:\/\/api.w.org\/{rel}","templated":true}]}}