{"id":1771,"date":"2024-01-30T16:02:32","date_gmt":"2024-01-30T19:02:32","guid":{"rendered":"http:\/\/www.cerealistamoldes.com.ar\/Institucional\/?p=1771"},"modified":"2024-01-30T16:02:34","modified_gmt":"2024-01-30T19:02:34","slug":"biocombustibles-las-provincias-reclaman-cambios-en-la-ley-omnibus-a-horas-de-que-se-discuta-en-diputados","status":"publish","type":"post","link":"http:\/\/176.52.130.206\/Institucional\/2024\/01\/30\/biocombustibles-las-provincias-reclaman-cambios-en-la-ley-omnibus-a-horas-de-que-se-discuta-en-diputados\/","title":{"rendered":"Biocombustibles: las provincias reclaman cambios en la ley \u00f3mnibus a horas de que se discuta en Diputados"},"content":{"rendered":"\n<p>El art\u00edculo describe la reuni\u00f3n de ministros de producci\u00f3n de varias provincias argentinas para discutir cambios en la ley omnibus, espec\u00edficamente en el art\u00edculo de biocombustibles. Se acord\u00f3 un documento conjunto que ser\u00e1 presentado al secretario de Energ\u00eda, Eduardo Chirillo. <\/p>\n\n\n\n<p>Las provincias buscan modificar aspectos como la exclusi\u00f3n del pl\u00e1stico como materia prima para biocombustibles, el aumento progresivo del corte de biodi\u00e9sel hasta llegar al 15%, la participaci\u00f3n de empresas en el mercado interno, y la proporci\u00f3n del cupo para pymes y libre competencia. Tambi\u00e9n acordaron que el precio de importaci\u00f3n no ser\u00e1 tomado como referencia para licitaciones. El encuentro es crucial, ya que los cambios deben introducirse antes de que se trate la ley omnibus en Diputados. <\/p>\n\n\n\n<p>Las provincias buscan entenderse en estos puntos antes de la sesi\u00f3n, destacando el inter\u00e9s de Santa Fe, con muchas plantas de biodi\u00e9sel. Otras provincias como Tucum\u00e1n y C\u00f3rdoba tambi\u00e9n presentar\u00e1n sus puntos sobre el bioetanol. El gobernador de C\u00f3rdoba, Mart\u00edn Llaryora, destaca la importancia del di\u00e1logo y la mejora de varios art\u00edculos en el contexto legislativo.<\/p>\n","protected":false},"excerpt":{"rendered":"<p>El art\u00edculo describe la reuni\u00f3n de ministros de producci\u00f3n de varias provincias argentinas para discutir cambios en la ley omnibus, espec\u00edficamente en el art\u00edculo de biocombustibles. Se acord\u00f3 un documento conjunto que ser\u00e1 presentado al secretario de Energ\u00eda, Eduardo Chirillo. Las provincias buscan modificar aspectos como la exclusi\u00f3n del pl\u00e1stico como materia prima para biocombustibles,&#8230;<\/p>\n","protected":false},"author":3,"featured_media":1772,"comment_status":"closed","ping_status":"closed","sticky":false,"template":"","format":"standard","meta":[],"categories":[40],"tags":[31,32],"_links":{"self":[{"href":"http:\/\/176.52.130.206\/Institucional\/wp-json\/wp\/v2\/posts\/1771"}],"collection":[{"href":"http:\/\/176.52.130.206\/Institucional\/wp-json\/wp\/v2\/posts"}],"about":[{"href":"http:\/\/176.52.130.206\/Institucional\/wp-json\/wp\/v2\/types\/post"}],"author":[{"embeddable":true,"href":"http:\/\/176.52.130.206\/Institucional\/wp-json\/wp\/v2\/users\/3"}],"replies":[{"embeddable":true,"href":"http:\/\/176.52.130.206\/Institucional\/wp-json\/wp\/v2\/comments?post=1771"}],"version-history":[{"count":2,"href":"http:\/\/176.52.130.206\/Institucional\/wp-json\/wp\/v2\/posts\/1771\/revisions"}],"predecessor-version":[{"id":1774,"href":"http:\/\/176.52.130.206\/Institucional\/wp-json\/wp\/v2\/posts\/1771\/revisions\/1774"}],"wp:featuredmedia":[{"embeddable":true,"href":"http:\/\/176.52.130.206\/Institucional\/wp-json\/wp\/v2\/media\/1772"}],"wp:attachment":[{"href":"http:\/\/176.52.130.206\/Institucional\/wp-json\/wp\/v2\/media?parent=1771"}],"wp:term":[{"taxonomy":"category","embeddable":true,"href":"http:\/\/176.52.130.206\/Institucional\/wp-json\/wp\/v2\/categories?post=1771"},{"taxonomy":"post_tag","embeddable":true,"href":"http:\/\/176.52.130.206\/Institucional\/wp-json\/wp\/v2\/tags?post=1771"}],"curies":[{"name":"wp","href":"https:\/\/api.w.org\/{rel}","templated":true}]}}