{"id":1762,"date":"2023-12-27T17:05:46","date_gmt":"2023-12-27T20:05:46","guid":{"rendered":"http:\/\/www.cerealistamoldes.com.ar\/Institucional\/?p=1762"},"modified":"2023-12-27T17:05:48","modified_gmt":"2023-12-27T20:05:48","slug":"el-mapa-de-la-esperanza-el-impactante-cambio-en-la-disponibilidad-de-agua-en-el-suelo-del-2022-vs-2023","status":"publish","type":"post","link":"http:\/\/176.52.130.206\/Institucional\/2023\/12\/27\/el-mapa-de-la-esperanza-el-impactante-cambio-en-la-disponibilidad-de-agua-en-el-suelo-del-2022-vs-2023\/","title":{"rendered":"El mapa de la esperanza: el impactante cambio en la disponibilidad de agua en el suelo del 2022 vs. 2023"},"content":{"rendered":"\n<p>El cierre del a\u00f1o 2023 augura un panorama alentador para el sector agr\u00edcola en gran parte del pa\u00eds, marcando un destacado contraste con el a\u00f1o 2022, que estuvo marcado por eventos clim\u00e1ticos extremos. La escasez de lluvias y una sequ\u00eda severa en la zona n\u00facleo impactaron negativamente en la producci\u00f3n agr\u00edcola.<\/p>\n\n\n\n<p>El Servicio Meteorol\u00f3gico Nacional (SMN) ha presentado mapas comparativos que muestran la disponibilidad de agua en el suelo el 25 de diciembre de 2022 frente a 2023, revelando mejoras significativas en los niveles de agua \u00fatil aprovechable para los cultivos a 1 metro de profundidad. A pesar de algunos excesos h\u00eddricos observados, estas mejoras generan expectativas positivas para la campa\u00f1a 23\/24.<\/p>\n\n\n\n<p>En un an\u00e1lisis llevado a cabo por Tom\u00e1s Rodr\u00edguez Zurro y Emilce Terr\u00e9 de la Bolsa de Comercio de Rosario (BCR), se destaca la previsi\u00f3n de una fuerte recuperaci\u00f3n en la producci\u00f3n, alcanzando su segunda mejor marca hist\u00f3rica. Esto se traducir\u00e1 en mayores exportaciones y un impulso significativo a la actividad econ\u00f3mica.<\/p>\n\n\n\n<p>Tras la devastadora sequ\u00eda que caracteriz\u00f3 la \u00faltima campa\u00f1a 2022\/23, la nueva cosecha 2023\/24 muestra un desempe\u00f1o mucho m\u00e1s auspicioso en t\u00e9rminos generales, aunque con realidades dispares seg\u00fan cada tipo de grano, seg\u00fan se\u00f1alaron desde la BCR. De esta manera, se proyecta que la producci\u00f3n total de granos en la temporada 2023\/24 alcance los 137 millones de toneladas, un incremento del 65% en comparaci\u00f3n con el volumen total obtenido en la campa\u00f1a anterior. De confirmarse esta cifra, quedar\u00eda como la segunda mayor producci\u00f3n de la historia, solo superada por los 140 millones de toneladas del ciclo 2018\/19.<\/p>\n","protected":false},"excerpt":{"rendered":"<p>El cierre del a\u00f1o 2023 augura un panorama alentador para el sector agr\u00edcola en gran parte del pa\u00eds, marcando un destacado contraste con el a\u00f1o 2022, que estuvo marcado por eventos clim\u00e1ticos extremos. La escasez de lluvias y una sequ\u00eda severa en la zona n\u00facleo impactaron negativamente en la producci\u00f3n agr\u00edcola. El Servicio Meteorol\u00f3gico Nacional&#8230;<\/p>\n","protected":false},"author":3,"featured_media":1763,"comment_status":"closed","ping_status":"closed","sticky":false,"template":"","format":"standard","meta":[],"categories":[47],"tags":[26,27,31,32],"_links":{"self":[{"href":"http:\/\/176.52.130.206\/Institucional\/wp-json\/wp\/v2\/posts\/1762"}],"collection":[{"href":"http:\/\/176.52.130.206\/Institucional\/wp-json\/wp\/v2\/posts"}],"about":[{"href":"http:\/\/176.52.130.206\/Institucional\/wp-json\/wp\/v2\/types\/post"}],"author":[{"embeddable":true,"href":"http:\/\/176.52.130.206\/Institucional\/wp-json\/wp\/v2\/users\/3"}],"replies":[{"embeddable":true,"href":"http:\/\/176.52.130.206\/Institucional\/wp-json\/wp\/v2\/comments?post=1762"}],"version-history":[{"count":1,"href":"http:\/\/176.52.130.206\/Institucional\/wp-json\/wp\/v2\/posts\/1762\/revisions"}],"predecessor-version":[{"id":1764,"href":"http:\/\/176.52.130.206\/Institucional\/wp-json\/wp\/v2\/posts\/1762\/revisions\/1764"}],"wp:featuredmedia":[{"embeddable":true,"href":"http:\/\/176.52.130.206\/Institucional\/wp-json\/wp\/v2\/media\/1763"}],"wp:attachment":[{"href":"http:\/\/176.52.130.206\/Institucional\/wp-json\/wp\/v2\/media?parent=1762"}],"wp:term":[{"taxonomy":"category","embeddable":true,"href":"http:\/\/176.52.130.206\/Institucional\/wp-json\/wp\/v2\/categories?post=1762"},{"taxonomy":"post_tag","embeddable":true,"href":"http:\/\/176.52.130.206\/Institucional\/wp-json\/wp\/v2\/tags?post=1762"}],"curies":[{"name":"wp","href":"https:\/\/api.w.org\/{rel}","templated":true}]}}