{"id":1744,"date":"2023-08-24T16:10:17","date_gmt":"2023-08-24T19:10:17","guid":{"rendered":"http:\/\/www.cerealistamoldes.com.ar\/Institucional\/?p=1744"},"modified":"2023-08-24T16:10:19","modified_gmt":"2023-08-24T19:10:19","slug":"el-nino-se-fortalece-y-muestra-mejores-senales-para-la-zona-centro-y-oeste-que-mantienen-las-condiciones-de-sequia-de-2022","status":"publish","type":"post","link":"http:\/\/176.52.130.206\/Institucional\/2023\/08\/24\/el-nino-se-fortalece-y-muestra-mejores-senales-para-la-zona-centro-y-oeste-que-mantienen-las-condiciones-de-sequia-de-2022\/","title":{"rendered":"El Ni\u00f1o se fortalece y muestra mejores se\u00f1ales para la zona centro y oeste, que mantienen las condiciones de sequ\u00eda de 2022"},"content":{"rendered":"\n<p><strong>El centro y oeste del pa\u00eds muestra la misma sequ\u00eda que hace un a\u00f1o.<\/strong>&nbsp;Falta un mes para la ventana de siembra de ma\u00edz y la situaci\u00f3n es alarmante.<\/p>\n\n\n\n<p>Sin embargo, El Ni\u00f1o se fortaleci\u00f3 y cambiar\u00e1 el escenario a partir de octubre.&nbsp;<strong>\u201cHay una buena noticia. El efecto del Ni\u00f1o podr\u00eda ser m\u00e1s importante que lo proyectado hace un mes y las lluvias comenzar\u00edan antes\u201d, inform\u00f3 la Bolsa de Comercio de Rosario (BCR).<\/strong><\/p>\n\n\n\n<p>Mientras tanto, agosto finaliza casi sin agua y afecta a las reservas del centro y oeste de la zona n\u00facleo.\u00a0\u00a0<a href=\"https:\/\/news.agrofy.com.ar\/tags\/lluvias\" target=\"_blank\" rel=\"noreferrer noopener\">En este sentido, las reservas son muy similares a las del a\u00f1o pasado, con requerimientos de agua superiores a los 110 mil\u00edmetros.<\/a><\/p>\n\n\n\n<p>\u201cLa extensi\u00f3n geogr\u00e1fica de la falta de agua del oeste es similar a lo que suced\u00eda a finales de agosto del 2022.&nbsp; Lamentablemente, tampoco hay pron\u00f3sticos de lluvias hasta fines de mes\u201d, aclar\u00f3 el informe<\/p>\n\n\n\n<h2>El Ni\u00f1o: \u00bfcu\u00e1ndo llueve?<\/h2>\n\n\n\n<p>El fen\u00f3meno se fortaleci\u00f3 en relaci\u00f3n con el mes anterior. A pesar de que las condiciones est\u00e1n dadas, el consultor de la BCR Alfredo Elorriaga explic\u00f3 que el oc\u00e9ano no se termina de acoplarse con la atm\u00f3sfera y no se potencia la actividad de los vientos que son responsables del transporte de humedad.<\/p>\n\n\n\n<p>El acoplamiento es la interacci\u00f3n entre la atm\u00f3sfera y los oc\u00e9anos. En este sentido, Elorriaga detall\u00f3 que el oc\u00e9ano y la atm\u00f3sfera se est\u00e1n acoplando. \u201c<strong>Hay una firme tendencia de las variables que hacen efectivo el transporte de humedad adicional para que llegue desde el Pac\u00edfico al territorio argentino\u201d, agreg\u00f3.<\/strong><\/p>\n\n\n\n<p>Con los nuevos datos de los organismos internacionales, se concluy\u00f3 que<strong>&nbsp;El Ni\u00f1o se fortaleci\u00f3 gradualmente durante agosto 2023.<\/strong>&nbsp;De esta manera, se proyecta una tendencia que va a favor de las lluvias en Argentina tras la sequ\u00eda.<\/p>\n\n\n\n<p><a href=\"https:\/\/news.agrofy.com.ar\/tags\/el-ni%C3%B1o\" target=\"_blank\" rel=\"noreferrer noopener\">Sobre si llover\u00e1 en septiembre, Elorriaga contest\u00f3: \u201cPodr\u00eda ser, seguramente en octubre s\u00ed\u201d.&nbsp;<\/a>Adem\u00e1s, explic\u00f3 que es muy importante que el productor sepa que este acoplamiento se va a traducir en que el agua llegar\u00eda antes de lo que proyect\u00e1bamos hace un mes.&nbsp;&nbsp;<\/p>\n\n\n\n<p>\u201cEl Ni\u00f1o se est\u00e1 volviendo m\u00e1s eficiente. No solo podr\u00eda actuar antes, sino que se fortalecen las probabilidades de contar con lluvias por encima de lo normal durante la campa\u00f1a gruesa argentina\u201d, concluy\u00f3 el consultor.<\/p>\n","protected":false},"excerpt":{"rendered":"<p>El centro y oeste del pa\u00eds muestra la misma sequ\u00eda que hace un a\u00f1o.&nbsp;Falta un mes para la ventana de siembra de ma\u00edz y la situaci\u00f3n es alarmante. Sin embargo, El Ni\u00f1o se fortaleci\u00f3 y cambiar\u00e1 el escenario a partir de octubre.&nbsp;\u201cHay una buena noticia. El efecto del Ni\u00f1o podr\u00eda ser m\u00e1s importante que lo&#8230;<\/p>\n","protected":false},"author":3,"featured_media":1745,"comment_status":"closed","ping_status":"closed","sticky":false,"template":"","format":"standard","meta":[],"categories":[1],"tags":[],"_links":{"self":[{"href":"http:\/\/176.52.130.206\/Institucional\/wp-json\/wp\/v2\/posts\/1744"}],"collection":[{"href":"http:\/\/176.52.130.206\/Institucional\/wp-json\/wp\/v2\/posts"}],"about":[{"href":"http:\/\/176.52.130.206\/Institucional\/wp-json\/wp\/v2\/types\/post"}],"author":[{"embeddable":true,"href":"http:\/\/176.52.130.206\/Institucional\/wp-json\/wp\/v2\/users\/3"}],"replies":[{"embeddable":true,"href":"http:\/\/176.52.130.206\/Institucional\/wp-json\/wp\/v2\/comments?post=1744"}],"version-history":[{"count":1,"href":"http:\/\/176.52.130.206\/Institucional\/wp-json\/wp\/v2\/posts\/1744\/revisions"}],"predecessor-version":[{"id":1746,"href":"http:\/\/176.52.130.206\/Institucional\/wp-json\/wp\/v2\/posts\/1744\/revisions\/1746"}],"wp:featuredmedia":[{"embeddable":true,"href":"http:\/\/176.52.130.206\/Institucional\/wp-json\/wp\/v2\/media\/1745"}],"wp:attachment":[{"href":"http:\/\/176.52.130.206\/Institucional\/wp-json\/wp\/v2\/media?parent=1744"}],"wp:term":[{"taxonomy":"category","embeddable":true,"href":"http:\/\/176.52.130.206\/Institucional\/wp-json\/wp\/v2\/categories?post=1744"},{"taxonomy":"post_tag","embeddable":true,"href":"http:\/\/176.52.130.206\/Institucional\/wp-json\/wp\/v2\/tags?post=1744"}],"curies":[{"name":"wp","href":"https:\/\/api.w.org\/{rel}","templated":true}]}}