{"id":1664,"date":"2021-06-08T17:59:20","date_gmt":"2021-06-08T20:59:20","guid":{"rendered":"http:\/\/www.cerealistamoldes.com.ar\/wordpress\/?p=1664"},"modified":"2021-06-11T12:07:43","modified_gmt":"2021-06-11T15:07:43","slug":"horario-de-atencion","status":"publish","type":"post","link":"http:\/\/176.52.130.206\/Institucional\/2021\/06\/08\/horario-de-atencion\/","title":{"rendered":"HORARIO DE ATENCI\u00d3N"},"content":{"rendered":"<p>Comunicamos que atentos a las nuevas disposiciones nuestro horario de atenci\u00f3n ser\u00e1 de 8 a 12 y de 15 a 19 hs. Cont\u00e1ctanos a trav\u00e9s de nuestro n\u00famero de tel\u00e9fono o a trav\u00e9s de nuestras redes:<\/p>\n<p>0358-5069385 (llamadas-sms-whatsapp)<\/p>\n<p>Facebook: <a href=\"https:\/\/www.facebook.com\/Cerealista-Moldes-100848548860105\">https:\/\/www.facebook.com\/Cerealista-Moldes-100848548860105<\/a><\/p>\n<p>Instagram: <a href=\"https:\/\/www.instagram.com\/cerealistamoldes\/\">https:\/\/www.instagram.com\/cerealistamoldes\/<\/a><\/p>\n","protected":false},"excerpt":{"rendered":"<p>Comunicamos que atentos a las nuevas disposiciones nuestro horario de atenci\u00f3n ser\u00e1 de 8 a 12 y de 15 a 19 hs. Cont\u00e1ctanos a trav\u00e9s de nuestro n\u00famero de tel\u00e9fono o a trav\u00e9s de nuestras redes: 0358-5069385 (llamadas-sms-whatsapp) Facebook: https:\/\/www.facebook.com\/Cerealista-Moldes-100848548860105 Instagram: https:\/\/www.instagram.com\/cerealistamoldes\/<\/p>\n","protected":false},"author":3,"featured_media":1665,"comment_status":"closed","ping_status":"closed","sticky":false,"template":"","format":"standard","meta":[],"categories":[24],"tags":[19,16],"_links":{"self":[{"href":"http:\/\/176.52.130.206\/Institucional\/wp-json\/wp\/v2\/posts\/1664"}],"collection":[{"href":"http:\/\/176.52.130.206\/Institucional\/wp-json\/wp\/v2\/posts"}],"about":[{"href":"http:\/\/176.52.130.206\/Institucional\/wp-json\/wp\/v2\/types\/post"}],"author":[{"embeddable":true,"href":"http:\/\/176.52.130.206\/Institucional\/wp-json\/wp\/v2\/users\/3"}],"replies":[{"embeddable":true,"href":"http:\/\/176.52.130.206\/Institucional\/wp-json\/wp\/v2\/comments?post=1664"}],"version-history":[{"count":1,"href":"http:\/\/176.52.130.206\/Institucional\/wp-json\/wp\/v2\/posts\/1664\/revisions"}],"predecessor-version":[{"id":1666,"href":"http:\/\/176.52.130.206\/Institucional\/wp-json\/wp\/v2\/posts\/1664\/revisions\/1666"}],"wp:featuredmedia":[{"embeddable":true,"href":"http:\/\/176.52.130.206\/Institucional\/wp-json\/wp\/v2\/media\/1665"}],"wp:attachment":[{"href":"http:\/\/176.52.130.206\/Institucional\/wp-json\/wp\/v2\/media?parent=1664"}],"wp:term":[{"taxonomy":"category","embeddable":true,"href":"http:\/\/176.52.130.206\/Institucional\/wp-json\/wp\/v2\/categories?post=1664"},{"taxonomy":"post_tag","embeddable":true,"href":"http:\/\/176.52.130.206\/Institucional\/wp-json\/wp\/v2\/tags?post=1664"}],"curies":[{"name":"wp","href":"https:\/\/api.w.org\/{rel}","templated":true}]}}