{"id":1646,"date":"2021-06-08T12:09:21","date_gmt":"2021-06-08T15:09:21","guid":{"rendered":"http:\/\/www.cerealistamoldes.com.ar\/wordpress\/?p=1646"},"modified":"2021-06-11T12:06:43","modified_gmt":"2021-06-11T15:06:43","slug":"cerealista-moldes-esta-en-las-redes","status":"publish","type":"post","link":"http:\/\/176.52.130.206\/Institucional\/2021\/06\/08\/cerealista-moldes-esta-en-las-redes\/","title":{"rendered":"CEREALISTA MOLDES EST\u00c1 EN LAS REDES"},"content":{"rendered":"<p class=\"MsoNormal\">Hoy la globalizaci\u00f3n de los mercados y la econom\u00eda nos exige estar presentes en todos los canales de comunicaci\u00f3n, para que nuestros clientes conozcan las \u00faltimas novedades de nuestra empresa y la amplia red de servicios que ofrecemos. Lo invitamos a sumarse a la gran comunidad de amigos de Cerealista Moldes.<\/p>\n<p class=\"MsoNormal\"><span lang=\"EN-US\">Facebook: https:\/\/www.facebook.com\/Cerealista-Moldes-100848548860105<\/span><\/p>\n<p class=\"MsoNormal\"><span lang=\"EN-US\">Instagram: https:\/\/www.instagram.com\/cerealistamoldes\/<\/span><\/p>\n<p><\/p>\n<p class=\"MsoNormal\">Lo esperamos en nuestras redes para mantenerlo informado todos los d\u00edas con nuestras novedades. \u00a1Muchas gracias!<\/p>\n\n\n<p><\/p>\n","protected":false},"excerpt":{"rendered":"<p>Hoy la globalizaci\u00f3n de los mercados y la econom\u00eda nos exige estar presentes en todos los canales de comunicaci\u00f3n, para que nuestros clientes conozcan las \u00faltimas novedades de nuestra empresa y la amplia red de servicios que ofrecemos. Lo invitamos a sumarse a la gran comunidad de amigos de Cerealista Moldes. Facebook: https:\/\/www.facebook.com\/Cerealista-Moldes-100848548860105 Instagram: https:\/\/www.instagram.com\/cerealistamoldes\/&#8230;<\/p>\n","protected":false},"author":1,"featured_media":1652,"comment_status":"closed","ping_status":"closed","sticky":false,"template":"","format":"standard","meta":[],"categories":[23],"tags":[],"_links":{"self":[{"href":"http:\/\/176.52.130.206\/Institucional\/wp-json\/wp\/v2\/posts\/1646"}],"collection":[{"href":"http:\/\/176.52.130.206\/Institucional\/wp-json\/wp\/v2\/posts"}],"about":[{"href":"http:\/\/176.52.130.206\/Institucional\/wp-json\/wp\/v2\/types\/post"}],"author":[{"embeddable":true,"href":"http:\/\/176.52.130.206\/Institucional\/wp-json\/wp\/v2\/users\/1"}],"replies":[{"embeddable":true,"href":"http:\/\/176.52.130.206\/Institucional\/wp-json\/wp\/v2\/comments?post=1646"}],"version-history":[{"count":5,"href":"http:\/\/176.52.130.206\/Institucional\/wp-json\/wp\/v2\/posts\/1646\/revisions"}],"predecessor-version":[{"id":1663,"href":"http:\/\/176.52.130.206\/Institucional\/wp-json\/wp\/v2\/posts\/1646\/revisions\/1663"}],"wp:featuredmedia":[{"embeddable":true,"href":"http:\/\/176.52.130.206\/Institucional\/wp-json\/wp\/v2\/media\/1652"}],"wp:attachment":[{"href":"http:\/\/176.52.130.206\/Institucional\/wp-json\/wp\/v2\/media?parent=1646"}],"wp:term":[{"taxonomy":"category","embeddable":true,"href":"http:\/\/176.52.130.206\/Institucional\/wp-json\/wp\/v2\/categories?post=1646"},{"taxonomy":"post_tag","embeddable":true,"href":"http:\/\/176.52.130.206\/Institucional\/wp-json\/wp\/v2\/tags?post=1646"}],"curies":[{"name":"wp","href":"https:\/\/api.w.org\/{rel}","templated":true}]}}